{"id":929,"date":"2024-07-12T08:24:42","date_gmt":"2024-07-12T06:24:42","guid":{"rendered":"https:\/\/keturist.sk\/booking\/?p=929"},"modified":"2024-07-12T08:24:42","modified_gmt":"2024-07-12T06:24:42","slug":"porac-park-horsky-hotel-4-penziony-obklopene-prirodou","status":"publish","type":"post","link":"https:\/\/keturist.sk\/booking\/2024\/07\/12\/porac-park-horsky-hotel-4-penziony-obklopene-prirodou\/","title":{"rendered":"Pora\u010d Park &#8211; Horsk\u00fd Hotel:  4 penzi\u00f3ny obklopen\u00e9 pr\u00edrodou"},"content":{"rendered":"<p>U n\u00e1s na konci sveta sa nach\u00e1dzaj\u00fa 4 penzi\u00f3ny obklopen\u00e9 pr\u00edrodou.<\/p>\n<p>Ka\u017ed\u00fd penzi\u00f3n m\u00e1 oddelen\u00e9 vrchn\u00e9 a spodn\u00e9 podla\u017eie.<\/p>\n<p>Na ka\u017edom podla\u017e\u00ed sa nach\u00e1dzaj\u00fa dve izby (ka\u017ed\u00e1 s vlastnou k\u00fape\u013e\u0148ou a toaletou), chodba a kuchynka. Kapacita jedn\u00e9ho podla\u017eia je 8 os\u00f4b.<\/p>\n<p>Z kuchynky je vstup na balk\u00f3n.<\/p>\n<p>Ved\u013ea penzi\u00f3nov sa nach\u00e1dza posedenie a pahreba.<\/p>\n<p>Te\u0161\u00edme sa na V\u00e1s!\ud83c\udf32\u2600\ufe0f<\/p>\n<p><strong>Viac info:<\/strong> <a href=\"https:\/\/www.poracpark.sk\/\" target=\"_blank\" rel=\"noopener nofollow\">https:\/\/www.poracpark.sk\/<\/a> alebo <a href=\"https:\/\/www.facebook.com\/poracpark.sk\" target=\"_blank\" rel=\"noopener nofollow\">https:\/\/www.facebook.com\/poracpark.sk <\/a><\/p>\n<p>&#8211;<\/p>\n<p><a href=\"https:\/\/keturist.sk\/booking\/wp-content\/uploads\/2024\/07\/penzion-porac-park3.jpg\"><img loading=\"lazy\" decoding=\"async\" class=\"aligncenter wp-image-932 size-full\" src=\"https:\/\/keturist.sk\/booking\/wp-content\/uploads\/2024\/07\/penzion-porac-park3.jpg\" alt=\"\" width=\"1080\" height=\"1080\" srcset=\"https:\/\/keturist.sk\/booking\/wp-content\/uploads\/2024\/07\/penzion-porac-park3.jpg 1080w, https:\/\/keturist.sk\/booking\/wp-content\/uploads\/2024\/07\/penzion-porac-park3-300x300.jpg 300w, https:\/\/keturist.sk\/booking\/wp-content\/uploads\/2024\/07\/penzion-porac-park3-1024x1024.jpg 1024w, https:\/\/keturist.sk\/booking\/wp-content\/uploads\/2024\/07\/penzion-porac-park3-150x150.jpg 150w, https:\/\/keturist.sk\/booking\/wp-content\/uploads\/2024\/07\/penzion-porac-park3-768x768.jpg 768w, https:\/\/keturist.sk\/booking\/wp-content\/uploads\/2024\/07\/penzion-porac-park3-600x600.jpg 600w, https:\/\/keturist.sk\/booking\/wp-content\/uploads\/2024\/07\/penzion-porac-park3-100x100.jpg 100w\" sizes=\"auto, (max-width: 1080px) 100vw, 1080px\" \/><\/a><\/p>\n<p><a href=\"https:\/\/keturist.sk\/booking\/wp-content\/uploads\/2024\/07\/penzion-porac-park2.jpg\"><img loading=\"lazy\" decoding=\"async\" class=\"aligncenter wp-image-931 size-full\" src=\"https:\/\/keturist.sk\/booking\/wp-content\/uploads\/2024\/07\/penzion-porac-park2.jpg\" alt=\"\" width=\"1080\" height=\"1080\" srcset=\"https:\/\/keturist.sk\/booking\/wp-content\/uploads\/2024\/07\/penzion-porac-park2.jpg 1080w, https:\/\/keturist.sk\/booking\/wp-content\/uploads\/2024\/07\/penzion-porac-park2-300x300.jpg 300w, https:\/\/keturist.sk\/booking\/wp-content\/uploads\/2024\/07\/penzion-porac-park2-1024x1024.jpg 1024w, https:\/\/keturist.sk\/booking\/wp-content\/uploads\/2024\/07\/penzion-porac-park2-150x150.jpg 150w, https:\/\/keturist.sk\/booking\/wp-content\/uploads\/2024\/07\/penzion-porac-park2-768x768.jpg 768w, https:\/\/keturist.sk\/booking\/wp-content\/uploads\/2024\/07\/penzion-porac-park2-600x600.jpg 600w, https:\/\/keturist.sk\/booking\/wp-content\/uploads\/2024\/07\/penzion-porac-park2-100x100.jpg 100w\" sizes=\"auto, (max-width: 1080px) 100vw, 1080px\" \/><\/a><\/p>\n<p><a href=\"https:\/\/keturist.sk\/booking\/wp-content\/uploads\/2024\/07\/penzion-porac-park1.jpg\"><img loading=\"lazy\" decoding=\"async\" class=\"aligncenter wp-image-930 size-full\" src=\"https:\/\/keturist.sk\/booking\/wp-content\/uploads\/2024\/07\/penzion-porac-park1.jpg\" alt=\"\" width=\"1080\" height=\"1080\" srcset=\"https:\/\/keturist.sk\/booking\/wp-content\/uploads\/2024\/07\/penzion-porac-park1.jpg 1080w, https:\/\/keturist.sk\/booking\/wp-content\/uploads\/2024\/07\/penzion-porac-park1-300x300.jpg 300w, https:\/\/keturist.sk\/booking\/wp-content\/uploads\/2024\/07\/penzion-porac-park1-1024x1024.jpg 1024w, https:\/\/keturist.sk\/booking\/wp-content\/uploads\/2024\/07\/penzion-porac-park1-150x150.jpg 150w, https:\/\/keturist.sk\/booking\/wp-content\/uploads\/2024\/07\/penzion-porac-park1-768x768.jpg 768w, https:\/\/keturist.sk\/booking\/wp-content\/uploads\/2024\/07\/penzion-porac-park1-600x600.jpg 600w, https:\/\/keturist.sk\/booking\/wp-content\/uploads\/2024\/07\/penzion-porac-park1-100x100.jpg 100w\" sizes=\"auto, (max-width: 1080px) 100vw, 1080px\" \/><\/a><\/p>\n","protected":false},"excerpt":{"rendered":"<p>U n\u00e1s na konci sveta sa nach\u00e1dzaj\u00fa 4 penzi\u00f3ny obklopen\u00e9 pr\u00edrodou. Ka\u017ed\u00fd penzi\u00f3n m\u00e1 oddelen\u00e9 vrchn\u00e9 a spodn\u00e9 podla\u017eie. Na ka\u017edom podla\u017e\u00ed sa nach\u00e1dzaj\u00fa dve izby (ka\u017ed\u00e1 s vlastnou k\u00fape\u013e\u0148ou [&hellip;]<\/p>\n","protected":false},"author":1,"featured_media":930,"comment_status":"open","ping_status":"open","sticky":false,"template":"","format":"standard","meta":{"_uag_custom_page_level_css":"","footnotes":"","_links_to":"","_links_to_target":""},"categories":[22,31,32,34],"tags":[],"class_list":["post-929","post","type-post","status-publish","format-standard","has-post-thumbnail","hentry","category-vsetky-aktuality-informator","category-pobyty","category-ubytovanie","category-volovske-vrchy"],"magazineBlocksPostFeaturedMedia":{"thumbnail":"https:\/\/keturist.sk\/booking\/wp-content\/uploads\/2024\/07\/penzion-porac-park1-150x150.jpg","medium":"https:\/\/keturist.sk\/booking\/wp-content\/uploads\/2024\/07\/penzion-porac-park1-300x300.jpg","medium_large":"https:\/\/keturist.sk\/booking\/wp-content\/uploads\/2024\/07\/penzion-porac-park1-768x768.jpg","large":"https:\/\/keturist.sk\/booking\/wp-content\/uploads\/2024\/07\/penzion-porac-park1-1024x1024.jpg","1536x1536":"https:\/\/keturist.sk\/booking\/wp-content\/uploads\/2024\/07\/penzion-porac-park1.jpg","2048x2048":"https:\/\/keturist.sk\/booking\/wp-content\/uploads\/2024\/07\/penzion-porac-park1.jpg","mailpoet_newsletter_max":"https:\/\/keturist.sk\/booking\/wp-content\/uploads\/2024\/07\/penzion-porac-park1.jpg","woocommerce_thumbnail":"https:\/\/keturist.sk\/booking\/wp-content\/uploads\/2024\/07\/penzion-porac-park1-300x300.jpg","woocommerce_single":"https:\/\/keturist.sk\/booking\/wp-content\/uploads\/2024\/07\/penzion-porac-park1-600x600.jpg","woocommerce_gallery_thumbnail":"https:\/\/keturist.sk\/booking\/wp-content\/uploads\/2024\/07\/penzion-porac-park1-100x100.jpg"},"magazineBlocksPostAuthor":{"name":"admin","avatar":"https:\/\/secure.gravatar.com\/avatar\/13ffa85f79d8edafa10a440d6c59ca022877b25df392bf60e21e7c95b7fcb88a?s=96&d=mm&r=g"},"magazineBlocksPostCommentsNumber":"0","magazineBlocksPostExcerpt":"U n\u00e1s na konci sveta sa nach\u00e1dzaj\u00fa 4 penzi\u00f3ny obklopen\u00e9 pr\u00edrodou. Ka\u017ed\u00fd penzi\u00f3n m\u00e1 oddelen\u00e9 vrchn\u00e9 a spodn\u00e9 podla\u017eie. Na ka\u017edom podla\u017e\u00ed sa nach\u00e1dzaj\u00fa dve izby (ka\u017ed\u00e1 s vlastnou k\u00fape\u013e\u0148ou [&hellip;]","magazineBlocksPostCategories":["01 V\u0161etky aktuality","Pobyty","Ubytovanie","Volovsk\u00e9 vrchy"],"magazineBlocksPostViewCount":305,"magazineBlocksPostReadTime":1,"magazine_blocks_featured_image_url":{"full":["https:\/\/keturist.sk\/booking\/wp-content\/uploads\/2024\/07\/penzion-porac-park1.jpg",1080,1080,false],"medium":["https:\/\/keturist.sk\/booking\/wp-content\/uploads\/2024\/07\/penzion-porac-park1-300x300.jpg",300,300,true],"thumbnail":["https:\/\/keturist.sk\/booking\/wp-content\/uploads\/2024\/07\/penzion-porac-park1-150x150.jpg",150,150,true]},"magazine_blocks_author":{"display_name":"admin","author_link":"https:\/\/keturist.sk\/booking\/author\/admin\/"},"magazine_blocks_comment":0,"magazine_blocks_author_image":"https:\/\/secure.gravatar.com\/avatar\/13ffa85f79d8edafa10a440d6c59ca022877b25df392bf60e21e7c95b7fcb88a?s=96&d=mm&r=g","magazine_blocks_category":"<a href=\"#\" class=\"category-link category-link-22\">01 V\u0161etky aktuality<\/a> <a href=\"#\" class=\"category-link category-link-31\">Pobyty<\/a> <a href=\"#\" class=\"category-link category-link-32\">Ubytovanie<\/a> <a href=\"#\" class=\"category-link category-link-34\">Volovsk\u00e9 vrchy<\/a>","featured_image_src":"https:\/\/keturist.sk\/booking\/wp-content\/uploads\/2024\/07\/penzion-porac-park1.jpg","featured_image_src_square":"https:\/\/keturist.sk\/booking\/wp-content\/uploads\/2024\/07\/penzion-porac-park1.jpg","author_info":{"display_name":"admin","author_link":"https:\/\/keturist.sk\/booking\/author\/admin\/"},"rbea_author_info":{"display_name":"admin","author_link":"https:\/\/keturist.sk\/booking\/author\/admin\/"},"rbea_excerpt_info":"U n\u00e1s na konci sveta sa nach\u00e1dzaj\u00fa 4 penzi\u00f3ny obklopen\u00e9 pr\u00edrodou. Ka\u017ed\u00fd penzi\u00f3n m\u00e1 oddelen\u00e9 vrchn\u00e9 a spodn\u00e9 podla\u017eie. Na ka\u017edom podla\u017e\u00ed sa nach\u00e1dzaj\u00fa dve izby (ka\u017ed\u00e1 s vlastnou k\u00fape\u013e\u0148ou [&hellip;]","category_list":"<a href=\"https:\/\/keturist.sk\/booking\/category\/vsetky-aktuality-informator\/\" rel=\"category tag\">01 V\u0161etky aktuality<\/a>, <a href=\"https:\/\/keturist.sk\/booking\/category\/pobyty\/\" rel=\"category tag\">Pobyty<\/a>, <a href=\"https:\/\/keturist.sk\/booking\/category\/ubytovanie\/\" rel=\"category tag\">Ubytovanie<\/a>, <a href=\"https:\/\/keturist.sk\/booking\/category\/regiony\/volovske-vrchy\/\" rel=\"category tag\">Volovsk\u00e9 vrchy<\/a>","comments_num":"0 comments","uagb_featured_image_src":{"full":["https:\/\/keturist.sk\/booking\/wp-content\/uploads\/2024\/07\/penzion-porac-park1.jpg",1080,1080,false],"thumbnail":["https:\/\/keturist.sk\/booking\/wp-content\/uploads\/2024\/07\/penzion-porac-park1-150x150.jpg",150,150,true],"medium":["https:\/\/keturist.sk\/booking\/wp-content\/uploads\/2024\/07\/penzion-porac-park1-300x300.jpg",300,300,true],"medium_large":["https:\/\/keturist.sk\/booking\/wp-content\/uploads\/2024\/07\/penzion-porac-park1-768x768.jpg",768,768,true],"large":["https:\/\/keturist.sk\/booking\/wp-content\/uploads\/2024\/07\/penzion-porac-park1-1024x1024.jpg",1024,1024,true],"1536x1536":["https:\/\/keturist.sk\/booking\/wp-content\/uploads\/2024\/07\/penzion-porac-park1.jpg",1080,1080,false],"2048x2048":["https:\/\/keturist.sk\/booking\/wp-content\/uploads\/2024\/07\/penzion-porac-park1.jpg",1080,1080,false],"mailpoet_newsletter_max":["https:\/\/keturist.sk\/booking\/wp-content\/uploads\/2024\/07\/penzion-porac-park1.jpg",1080,1080,false],"woocommerce_thumbnail":["https:\/\/keturist.sk\/booking\/wp-content\/uploads\/2024\/07\/penzion-porac-park1-300x300.jpg",300,300,true],"woocommerce_single":["https:\/\/keturist.sk\/booking\/wp-content\/uploads\/2024\/07\/penzion-porac-park1-600x600.jpg",600,600,true],"woocommerce_gallery_thumbnail":["https:\/\/keturist.sk\/booking\/wp-content\/uploads\/2024\/07\/penzion-porac-park1-100x100.jpg",100,100,true]},"uagb_author_info":{"display_name":"admin","author_link":"https:\/\/keturist.sk\/booking\/author\/admin\/"},"uagb_comment_info":0,"uagb_excerpt":"U n\u00e1s na konci sveta sa nach\u00e1dzaj\u00fa 4 penzi\u00f3ny obklopen\u00e9 pr\u00edrodou. Ka\u017ed\u00fd penzi\u00f3n m\u00e1 oddelen\u00e9 vrchn\u00e9 a spodn\u00e9 podla\u017eie. Na ka\u017edom podla\u017e\u00ed sa nach\u00e1dzaj\u00fa dve izby (ka\u017ed\u00e1 s vlastnou k\u00fape\u013e\u0148ou [&hellip;]","_links":{"self":[{"href":"https:\/\/keturist.sk\/booking\/wp-json\/wp\/v2\/posts\/929","targetHints":{"allow":["GET"]}}],"collection":[{"href":"https:\/\/keturist.sk\/booking\/wp-json\/wp\/v2\/posts"}],"about":[{"href":"https:\/\/keturist.sk\/booking\/wp-json\/wp\/v2\/types\/post"}],"author":[{"embeddable":true,"href":"https:\/\/keturist.sk\/booking\/wp-json\/wp\/v2\/users\/1"}],"replies":[{"embeddable":true,"href":"https:\/\/keturist.sk\/booking\/wp-json\/wp\/v2\/comments?post=929"}],"version-history":[{"count":1,"href":"https:\/\/keturist.sk\/booking\/wp-json\/wp\/v2\/posts\/929\/revisions"}],"predecessor-version":[{"id":933,"href":"https:\/\/keturist.sk\/booking\/wp-json\/wp\/v2\/posts\/929\/revisions\/933"}],"wp:featuredmedia":[{"embeddable":true,"href":"https:\/\/keturist.sk\/booking\/wp-json\/wp\/v2\/media\/930"}],"wp:attachment":[{"href":"https:\/\/keturist.sk\/booking\/wp-json\/wp\/v2\/media?parent=929"}],"wp:term":[{"taxonomy":"category","embeddable":true,"href":"https:\/\/keturist.sk\/booking\/wp-json\/wp\/v2\/categories?post=929"},{"taxonomy":"post_tag","embeddable":true,"href":"https:\/\/keturist.sk\/booking\/wp-json\/wp\/v2\/tags?post=929"}],"curies":[{"name":"wp","href":"https:\/\/api.w.org\/{rel}","templated":true}]}}