{"id":467,"date":"2024-01-05T07:45:55","date_gmt":"2024-01-05T06:45:55","guid":{"rendered":"https:\/\/keturist.sk\/booking\/?p=467"},"modified":"2024-01-05T07:58:41","modified_gmt":"2024-01-05T06:58:41","slug":"kaviaren-a-stanok-s-jedlom-tu-a-teraz-hillsnack-pod-vyhliadkovou-vezou-hradova-otvaracie-hodiny","status":"publish","type":"post","link":"https:\/\/keturist.sk\/booking\/2024\/01\/05\/kaviaren-a-stanok-s-jedlom-tu-a-teraz-hillsnack-pod-vyhliadkovou-vezou-hradova-otvaracie-hodiny\/","title":{"rendered":"Kaviare\u0148 a st\u00e1nok s jedlom TU A TERAZ &#8211; HILLSNACK pod vyhliadkovou ve\u017eou Hradov\u00e1 &#8211; otv\u00e1racie hodiny"},"content":{"rendered":"<p><a href=\"https:\/\/keturist.sk\/booking\/wp-content\/uploads\/2024\/01\/hillsnack-1024x768-1.webp\"><img loading=\"lazy\" decoding=\"async\" class=\"aligncenter wp-image-468 size-full\" src=\"https:\/\/keturist.sk\/booking\/wp-content\/uploads\/2024\/01\/hillsnack-1024x768-1.webp\" alt=\"\" width=\"1024\" height=\"768\" srcset=\"https:\/\/keturist.sk\/booking\/wp-content\/uploads\/2024\/01\/hillsnack-1024x768-1.webp 1024w, https:\/\/keturist.sk\/booking\/wp-content\/uploads\/2024\/01\/hillsnack-1024x768-1-300x225.webp 300w, https:\/\/keturist.sk\/booking\/wp-content\/uploads\/2024\/01\/hillsnack-1024x768-1-768x576.webp 768w, https:\/\/keturist.sk\/booking\/wp-content\/uploads\/2024\/01\/hillsnack-1024x768-1-600x450.webp 600w\" sizes=\"auto, (max-width: 1024px) 100vw, 1024px\" \/><\/a><\/p>\n<p>\u2764\ufe0f\u2764\ufe0f\u2764\ufe0f\u2764\ufe0f\u2764\ufe0f\u2764\ufe0f\u2764\ufe0f\u2764\ufe0f\u2764\ufe0f\u2764\ufe0f\u2764\ufe0f\u2764\ufe0f\u2764\ufe0f\u2764\ufe0f\u2764\ufe0f\u2764\ufe0f\u2764\ufe0f<\/p>\n<p>Vychutnajte si pohodu pod vyhliadkovou ve\u017eou a pri infocentre v lokalite\u00a0<a href=\"https:\/\/www.keturist.sk\/info\/turisticke-vychodiska\/strediska-a-centra\/stredisko-hradova\/\" target=\"_blank\" rel=\"noopener\">Hradov\u00e1<\/a> s k\u00e1vou ko\u0161ickej pra\u017eiarne Doraz Caf\u00e9 medzi korunami stromov.<\/p>\n<h3><span style=\"color: #808000;\">Otv\u00e1racia doba:<\/span><\/h3>\n<p><strong>Pondelok:<\/strong>\u00a0ZAVRET\u00c9<br \/>\n<strong>Utorok:<\/strong>\u00a0ZAVRET\u00c9<br \/>\n<strong>Streda:<\/strong> 14:00 \u2013 17:00<br \/>\n<strong>\u0160tvrtok:<\/strong> 14:00 \u2013 17:00<br \/>\n<strong>Piatok:<\/strong> 14:00 \u2013 17:00<br \/>\n<strong>Sobota:<\/strong> 10:00 \u2013 17:00<br \/>\n<strong>Nede\u013ea:<\/strong> 10:00 \u2013 17:00<\/p>\n<p><span style=\"color: #800000;\"><strong>Cez sviatky a pr\u00e1zdniny od 10.00 do 17.00!<\/strong><\/span><\/p>\n<h3><span style=\"color: #808000;\">Kontakt<\/span><\/h3>\n<p><strong>Mobil:<\/strong>\u00a00910 314 989<br \/>\n<strong>E-mail:<\/strong>\u00a0<a href=\"mailto:jirousek.lu@gmail.com\" target=\"_blank\" rel=\"noopener\">jirousek.lu@gmail.com<\/a><br \/>\n<strong>Facebook:<\/strong>\u00a0<a href=\"https:\/\/www.facebook.com\/lesnakaviaren\" target=\"_blank\" rel=\"noopener nofollow\">https:\/\/www.facebook.com\/lesnakaviaren<\/a><\/p>\n","protected":false},"excerpt":{"rendered":"<p>\u2764\ufe0f\u2764\ufe0f\u2764\ufe0f\u2764\ufe0f\u2764\ufe0f\u2764\ufe0f\u2764\ufe0f\u2764\ufe0f\u2764\ufe0f\u2764\ufe0f\u2764\ufe0f\u2764\ufe0f\u2764\ufe0f\u2764\ufe0f\u2764\ufe0f\u2764\ufe0f\u2764\ufe0f Vychutnajte si pohodu pod vyhliadkovou ve\u017eou a pri infocentre v lokalite\u00a0Hradov\u00e1 s k\u00e1vou ko\u0161ickej pra\u017eiarne Doraz Caf\u00e9 medzi korunami stromov. Otv\u00e1racia doba: Pondelok:\u00a0ZAVRET\u00c9 Utorok:\u00a0ZAVRET\u00c9 Streda: 14:00 \u2013 17:00 \u0160tvrtok: [&hellip;]<\/p>\n","protected":false},"author":1,"featured_media":468,"comment_status":"open","ping_status":"open","sticky":false,"template":"","format":"standard","meta":{"_uag_custom_page_level_css":"","footnotes":"","_links_to":"","_links_to_target":""},"categories":[22,102,20,24,21],"tags":[],"class_list":["post-467","post","type-post","status-publish","format-standard","has-post-thumbnail","hentry","category-vsetky-aktuality-informator","category-cierna-hora","category-gastronomia","category-kosice","category-otvaracie-hodiny"],"magazineBlocksPostFeaturedMedia":{"thumbnail":"https:\/\/keturist.sk\/booking\/wp-content\/uploads\/2024\/01\/hillsnack-1024x768-1-150x150.webp","medium":"https:\/\/keturist.sk\/booking\/wp-content\/uploads\/2024\/01\/hillsnack-1024x768-1-300x225.webp","medium_large":"https:\/\/keturist.sk\/booking\/wp-content\/uploads\/2024\/01\/hillsnack-1024x768-1-768x576.webp","large":"https:\/\/keturist.sk\/booking\/wp-content\/uploads\/2024\/01\/hillsnack-1024x768-1.webp","1536x1536":"https:\/\/keturist.sk\/booking\/wp-content\/uploads\/2024\/01\/hillsnack-1024x768-1.webp","2048x2048":"https:\/\/keturist.sk\/booking\/wp-content\/uploads\/2024\/01\/hillsnack-1024x768-1.webp","mailpoet_newsletter_max":"https:\/\/keturist.sk\/booking\/wp-content\/uploads\/2024\/01\/hillsnack-1024x768-1.webp","woocommerce_thumbnail":"https:\/\/keturist.sk\/booking\/wp-content\/uploads\/2024\/01\/hillsnack-1024x768-1-300x300.webp","woocommerce_single":"https:\/\/keturist.sk\/booking\/wp-content\/uploads\/2024\/01\/hillsnack-1024x768-1-600x450.webp","woocommerce_gallery_thumbnail":"https:\/\/keturist.sk\/booking\/wp-content\/uploads\/2024\/01\/hillsnack-1024x768-1-100x100.webp"},"magazineBlocksPostAuthor":{"name":"admin","avatar":"https:\/\/secure.gravatar.com\/avatar\/13ffa85f79d8edafa10a440d6c59ca022877b25df392bf60e21e7c95b7fcb88a?s=96&d=mm&r=g"},"magazineBlocksPostCommentsNumber":"0","magazineBlocksPostExcerpt":"\u2764\ufe0f\u2764\ufe0f\u2764\ufe0f\u2764\ufe0f\u2764\ufe0f\u2764\ufe0f\u2764\ufe0f\u2764\ufe0f\u2764\ufe0f\u2764\ufe0f\u2764\ufe0f\u2764\ufe0f\u2764\ufe0f\u2764\ufe0f\u2764\ufe0f\u2764\ufe0f\u2764\ufe0f Vychutnajte si pohodu pod vyhliadkovou ve\u017eou a pri infocentre v lokalite\u00a0Hradov\u00e1 s k\u00e1vou ko\u0161ickej pra\u017eiarne Doraz Caf\u00e9 medzi korunami stromov. Otv\u00e1racia doba: Pondelok:\u00a0ZAVRET\u00c9 Utorok:\u00a0ZAVRET\u00c9 Streda: 14:00 \u2013 17:00 \u0160tvrtok: [&hellip;]","magazineBlocksPostCategories":["01 V\u0161etky aktuality","\u010cierna hora","Gastron\u00f3mia","Ko\u0161ice","Otv\u00e1racie hodiny"],"magazineBlocksPostViewCount":341,"magazineBlocksPostReadTime":1,"magazine_blocks_featured_image_url":{"full":["https:\/\/keturist.sk\/booking\/wp-content\/uploads\/2024\/01\/hillsnack-1024x768-1.webp",1024,768,false],"medium":["https:\/\/keturist.sk\/booking\/wp-content\/uploads\/2024\/01\/hillsnack-1024x768-1-300x225.webp",300,225,true],"thumbnail":["https:\/\/keturist.sk\/booking\/wp-content\/uploads\/2024\/01\/hillsnack-1024x768-1-150x150.webp",150,150,true]},"magazine_blocks_author":{"display_name":"admin","author_link":"https:\/\/keturist.sk\/booking\/author\/admin\/"},"magazine_blocks_comment":0,"magazine_blocks_author_image":"https:\/\/secure.gravatar.com\/avatar\/13ffa85f79d8edafa10a440d6c59ca022877b25df392bf60e21e7c95b7fcb88a?s=96&d=mm&r=g","magazine_blocks_category":"<a href=\"#\" class=\"category-link category-link-22\">01 V\u0161etky aktuality<\/a> <a href=\"#\" class=\"category-link category-link-102\">\u010cierna hora<\/a> <a href=\"#\" class=\"category-link category-link-20\">Gastron\u00f3mia<\/a> <a href=\"#\" class=\"category-link category-link-24\">Ko\u0161ice<\/a> <a href=\"#\" class=\"category-link category-link-21\">Otv\u00e1racie hodiny<\/a>","featured_image_src":"https:\/\/keturist.sk\/booking\/wp-content\/uploads\/2024\/01\/hillsnack-1024x768-1.webp","featured_image_src_square":"https:\/\/keturist.sk\/booking\/wp-content\/uploads\/2024\/01\/hillsnack-1024x768-1.webp","author_info":{"display_name":"admin","author_link":"https:\/\/keturist.sk\/booking\/author\/admin\/"},"rbea_author_info":{"display_name":"admin","author_link":"https:\/\/keturist.sk\/booking\/author\/admin\/"},"rbea_excerpt_info":"\u2764\ufe0f\u2764\ufe0f\u2764\ufe0f\u2764\ufe0f\u2764\ufe0f\u2764\ufe0f\u2764\ufe0f\u2764\ufe0f\u2764\ufe0f\u2764\ufe0f\u2764\ufe0f\u2764\ufe0f\u2764\ufe0f\u2764\ufe0f\u2764\ufe0f\u2764\ufe0f\u2764\ufe0f Vychutnajte si pohodu pod vyhliadkovou ve\u017eou a pri infocentre v lokalite\u00a0Hradov\u00e1 s k\u00e1vou ko\u0161ickej pra\u017eiarne Doraz Caf\u00e9 medzi korunami stromov. Otv\u00e1racia doba: Pondelok:\u00a0ZAVRET\u00c9 Utorok:\u00a0ZAVRET\u00c9 Streda: 14:00 \u2013 17:00 \u0160tvrtok: [&hellip;]","category_list":"<a href=\"https:\/\/keturist.sk\/booking\/category\/vsetky-aktuality-informator\/\" rel=\"category tag\">01 V\u0161etky aktuality<\/a>, <a href=\"https:\/\/keturist.sk\/booking\/category\/regiony\/cierna-hora\/\" rel=\"category tag\">\u010cierna hora<\/a>, <a href=\"https:\/\/keturist.sk\/booking\/category\/gastronomia\/\" rel=\"category tag\">Gastron\u00f3mia<\/a>, <a href=\"https:\/\/keturist.sk\/booking\/category\/regiony\/kosice\/\" rel=\"category tag\">Ko\u0161ice<\/a>, <a href=\"https:\/\/keturist.sk\/booking\/category\/otvaracie-hodiny\/\" rel=\"category tag\">Otv\u00e1racie hodiny<\/a>","comments_num":"0 comments","uagb_featured_image_src":{"full":["https:\/\/keturist.sk\/booking\/wp-content\/uploads\/2024\/01\/hillsnack-1024x768-1.webp",1024,768,false],"thumbnail":["https:\/\/keturist.sk\/booking\/wp-content\/uploads\/2024\/01\/hillsnack-1024x768-1-150x150.webp",150,150,true],"medium":["https:\/\/keturist.sk\/booking\/wp-content\/uploads\/2024\/01\/hillsnack-1024x768-1-300x225.webp",300,225,true],"medium_large":["https:\/\/keturist.sk\/booking\/wp-content\/uploads\/2024\/01\/hillsnack-1024x768-1-768x576.webp",768,576,true],"large":["https:\/\/keturist.sk\/booking\/wp-content\/uploads\/2024\/01\/hillsnack-1024x768-1.webp",1024,768,false],"1536x1536":["https:\/\/keturist.sk\/booking\/wp-content\/uploads\/2024\/01\/hillsnack-1024x768-1.webp",1024,768,false],"2048x2048":["https:\/\/keturist.sk\/booking\/wp-content\/uploads\/2024\/01\/hillsnack-1024x768-1.webp",1024,768,false],"mailpoet_newsletter_max":["https:\/\/keturist.sk\/booking\/wp-content\/uploads\/2024\/01\/hillsnack-1024x768-1.webp",1024,768,false],"woocommerce_thumbnail":["https:\/\/keturist.sk\/booking\/wp-content\/uploads\/2024\/01\/hillsnack-1024x768-1-300x300.webp",300,300,true],"woocommerce_single":["https:\/\/keturist.sk\/booking\/wp-content\/uploads\/2024\/01\/hillsnack-1024x768-1-600x450.webp",600,450,true],"woocommerce_gallery_thumbnail":["https:\/\/keturist.sk\/booking\/wp-content\/uploads\/2024\/01\/hillsnack-1024x768-1-100x100.webp",100,100,true]},"uagb_author_info":{"display_name":"admin","author_link":"https:\/\/keturist.sk\/booking\/author\/admin\/"},"uagb_comment_info":0,"uagb_excerpt":"\u2764\ufe0f\u2764\ufe0f\u2764\ufe0f\u2764\ufe0f\u2764\ufe0f\u2764\ufe0f\u2764\ufe0f\u2764\ufe0f\u2764\ufe0f\u2764\ufe0f\u2764\ufe0f\u2764\ufe0f\u2764\ufe0f\u2764\ufe0f\u2764\ufe0f\u2764\ufe0f\u2764\ufe0f Vychutnajte si pohodu pod vyhliadkovou ve\u017eou a pri infocentre v lokalite\u00a0Hradov\u00e1 s k\u00e1vou ko\u0161ickej pra\u017eiarne Doraz Caf\u00e9 medzi korunami stromov. Otv\u00e1racia doba: Pondelok:\u00a0ZAVRET\u00c9 Utorok:\u00a0ZAVRET\u00c9 Streda: 14:00 \u2013 17:00 \u0160tvrtok: [&hellip;]","_links":{"self":[{"href":"https:\/\/keturist.sk\/booking\/wp-json\/wp\/v2\/posts\/467","targetHints":{"allow":["GET"]}}],"collection":[{"href":"https:\/\/keturist.sk\/booking\/wp-json\/wp\/v2\/posts"}],"about":[{"href":"https:\/\/keturist.sk\/booking\/wp-json\/wp\/v2\/types\/post"}],"author":[{"embeddable":true,"href":"https:\/\/keturist.sk\/booking\/wp-json\/wp\/v2\/users\/1"}],"replies":[{"embeddable":true,"href":"https:\/\/keturist.sk\/booking\/wp-json\/wp\/v2\/comments?post=467"}],"version-history":[{"count":1,"href":"https:\/\/keturist.sk\/booking\/wp-json\/wp\/v2\/posts\/467\/revisions"}],"predecessor-version":[{"id":469,"href":"https:\/\/keturist.sk\/booking\/wp-json\/wp\/v2\/posts\/467\/revisions\/469"}],"wp:featuredmedia":[{"embeddable":true,"href":"https:\/\/keturist.sk\/booking\/wp-json\/wp\/v2\/media\/468"}],"wp:attachment":[{"href":"https:\/\/keturist.sk\/booking\/wp-json\/wp\/v2\/media?parent=467"}],"wp:term":[{"taxonomy":"category","embeddable":true,"href":"https:\/\/keturist.sk\/booking\/wp-json\/wp\/v2\/categories?post=467"},{"taxonomy":"post_tag","embeddable":true,"href":"https:\/\/keturist.sk\/booking\/wp-json\/wp\/v2\/tags?post=467"}],"curies":[{"name":"wp","href":"https:\/\/api.w.org\/{rel}","templated":true}]}}