{"id":1168,"date":"2025-07-29T18:14:56","date_gmt":"2025-07-29T16:14:56","guid":{"rendered":"https:\/\/keturist.sk\/booking\/?p=1168"},"modified":"2025-07-29T18:53:59","modified_gmt":"2025-07-29T16:53:59","slug":"chalupa-ida-tradicny-dom-s-historiou-v-srdci-gemera","status":"publish","type":"post","link":"https:\/\/keturist.sk\/booking\/2025\/07\/29\/chalupa-ida-tradicny-dom-s-historiou-v-srdci-gemera\/","title":{"rendered":"Chalupa IDA \u2013 Tradi\u010dn\u00fd dom s hist\u00f3riou v srdci Gemera"},"content":{"rendered":"<p data-start=\"287\" data-end=\"477\">Objavte ubytovanie <strong data-start=\"295\" data-end=\"310\">Chalupa IDA<\/strong> \u2013 tradi\u010dn\u00fd <strong data-start=\"322\" data-end=\"338\">gemersk\u00fd dom<\/strong> v malebnej obci <strong data-start=\"355\" data-end=\"365\">Slavec<\/strong>, v srdci Slovensk\u00e9ho krasu. Ubytovanie sp\u00e1ja <strong data-start=\"411\" data-end=\"434\">autentick\u00fa hist\u00f3riu<\/strong>, <strong data-start=\"436\" data-end=\"448\">pohodlie<\/strong> a <strong data-start=\"451\" data-end=\"471\">bl\u00edzkos\u0165 pr\u00edrody<\/strong> \ud83c\udf3f.<\/p>\n<hr data-start=\"479\" data-end=\"482\" \/>\n<h3 data-section-id=\"4ywf0w\" data-start=\"484\" data-end=\"533\"><span style=\"color: #808000;\">\ud83d\udccd Slavec \u2013 br\u00e1na do kr\u00e1s Slovensk\u00e9ho krasu<\/span><\/h3>\n<p data-start=\"534\" data-end=\"735\">Obec <strong data-start=\"539\" data-end=\"549\">Slavec<\/strong> (ma\u010f. Szal\u00f3c) sa nach\u00e1dza v \u00fazkom <strong data-start=\"584\" data-end=\"603\">Slanskom ka\u0148one<\/strong>, medzi <strong data-start=\"611\" data-end=\"635\">Ple\u0161iveckou planinou<\/strong> a <strong data-start=\"638\" data-end=\"659\">Silickou planinou<\/strong>. V okol\u00ed n\u00e1jdete <strong data-start=\"677\" data-end=\"732\">jaskyne, priepasti, z\u00e1vrty a unik\u00e1tnu faunu a fl\u00f3ru<\/strong>.<\/p>\n<hr data-start=\"737\" data-end=\"740\" \/>\n<h2 data-section-id=\"xtxlkx\" data-start=\"742\" data-end=\"781\"><span style=\"color: #800000;\">\ud83c\udff0 Kult\u00farne pamiatky v obci Slavec<\/span><\/h2>\n<h3 data-section-id=\"1b1136u\" data-start=\"783\" data-end=\"809\">\u26ea<span style=\"color: #808000;\"> Reformovan\u00fd kostol<\/span><\/h3>\n<ul data-start=\"810\" data-end=\"927\">\n<li data-start=\"810\" data-end=\"875\">\n<p data-start=\"812\" data-end=\"875\">Gotick\u00fd kostol z konca 14. storo\u010dia, prestavan\u00fd v 19. storo\u010d\u00ed<\/p>\n<\/li>\n<li data-start=\"876\" data-end=\"927\">\n<p data-start=\"878\" data-end=\"927\">Jednolo\u010fov\u00e1 stavba s pravouhl\u00fdm z\u00e1verom a ve\u017eou<\/p>\n<\/li>\n<\/ul>\n<h3 data-section-id=\"1ovtkqo\" data-start=\"929\" data-end=\"976\">\ud83c\udfdb <span style=\"color: #808000;\">Barokov\u00e1 k\u00faria (Szaloci Cs\u00e1kany k\u00faria)<\/span><\/h3>\n<ul data-start=\"977\" data-end=\"1060\">\n<li data-start=\"977\" data-end=\"1021\">\n<p data-start=\"979\" data-end=\"1021\">N\u00e1rodn\u00e1 kult\u00farna pamiatka z 18. storo\u010dia<\/p>\n<\/li>\n<li data-start=\"1022\" data-end=\"1060\">\n<p data-start=\"1024\" data-end=\"1060\">V 19. storo\u010d\u00ed roz\u0161\u00edren\u00e1 do tvaru L<\/p>\n<\/li>\n<\/ul>\n<h3 data-section-id=\"kmtor9\" data-start=\"1062\" data-end=\"1116\">\ud83c\udfe0 <span style=\"color: #808000;\">Dom h\u00e1morn\u00edkov a gemersk\u00e1 \u013eudov\u00e1 architekt\u00fara<\/span><\/h3>\n<ul data-start=\"1117\" data-end=\"1209\">\n<li data-start=\"1117\" data-end=\"1154\">\n<p data-start=\"1119\" data-end=\"1154\">Hospod\u00e1rska budova z 19. storo\u010dia<\/p>\n<\/li>\n<li data-start=\"1155\" data-end=\"1209\">\n<p data-start=\"1157\" data-end=\"1209\">Zachovan\u00e9 domy z konca 19. a za\u010diatku 20. storo\u010dia<\/p>\n<\/li>\n<\/ul>\n<hr data-start=\"1211\" data-end=\"1214\" \/>\n<h2 data-section-id=\"rz6h3w\" data-start=\"1216\" data-end=\"1264\">\ud83c\udf3f <span style=\"color: #800000;\">Pr\u00edrodn\u00e9 zauj\u00edmavosti a turistick\u00e9 trasy<\/span><\/h2>\n<h3 data-section-id=\"1b9gy1t\" data-start=\"1266\" data-end=\"1292\">\ud83c\udf04 <span style=\"color: #808000;\">Divia\u010dia priepas\u0165<\/span><\/h3>\n<ul data-start=\"1293\" data-end=\"1342\">\n<li data-start=\"1293\" data-end=\"1342\">\n<p data-start=\"1295\" data-end=\"1342\">Najhlb\u0161ia priepas\u0165 Ple\u0161ivskej planiny (123 m)<\/p>\n<\/li>\n<\/ul>\n<h3 data-section-id=\"10twnz2\" data-start=\"1344\" data-end=\"1379\">\ud83d\udeb6 <span style=\"color: #808000;\">Turistika a cykloturistika<\/span><\/h3>\n<ul data-start=\"1380\" data-end=\"1509\">\n<li data-start=\"1380\" data-end=\"1455\">\n<p data-start=\"1382\" data-end=\"1455\">\u017dlt\u00e1 turistick\u00e1 trasa na Ple\u0161iveck\u00fa planinu a k jaskyni Silick\u00e1 \u013eadnica<\/p>\n<\/li>\n<li data-start=\"1456\" data-end=\"1509\">\n<p data-start=\"1458\" data-end=\"1509\">Cyklomagistr\u00e1la Slovensk\u00fd kras \u2013 195 km cyklotr\u00e1s<\/p>\n<\/li>\n<\/ul>\n<hr data-start=\"1511\" data-end=\"1514\" \/>\n<h2 data-section-id=\"f8tepg\" data-start=\"1516\" data-end=\"1568\">\ud83c\udf1f <span style=\"color: #800000;\">Gombasek \u2013 rekrea\u010dn\u00e9 stredisko pln\u00e9 hist\u00f3rie<\/span><\/h2>\n<h3 data-section-id=\"1bgnt0d\" data-start=\"1570\" data-end=\"1598\">\ud83d\udd73\ufe0f <span style=\"color: #808000;\">Gombaseck\u00e1 jasky\u0148a<\/span><\/h3>\n<ul data-start=\"1599\" data-end=\"1689\">\n<li data-start=\"1599\" data-end=\"1642\">\n<p data-start=\"1601\" data-end=\"1642\">Jedna z najkraj\u0161\u00edch jask\u00fd\u0148 na Slovensku<\/p>\n<\/li>\n<li data-start=\"1643\" data-end=\"1689\">\n<p data-start=\"1645\" data-end=\"1689\">UNESCO lokalita, n\u00e1rodn\u00e1 pr\u00edrodn\u00e1 pamiatka<\/p>\n<\/li>\n<\/ul>\n<h3 data-section-id=\"1re4yz4\" data-start=\"1691\" data-end=\"1715\">\u26ea <span style=\"color: #808000;\">Kl\u00e1\u0161tor paul\u00ednov<\/span><\/h3>\n<ul data-start=\"1716\" data-end=\"1788\">\n<li data-start=\"1716\" data-end=\"1763\">\n<p data-start=\"1718\" data-end=\"1763\">Zr\u00facanina gotick\u00e9ho kl\u00e1\u0161tora z 14. storo\u010dia<\/p>\n<\/li>\n<li data-start=\"1764\" data-end=\"1788\">\n<p data-start=\"1766\" data-end=\"1788\">Zvonica s vyhliadkou<\/p>\n<\/li>\n<\/ul>\n<h3 data-section-id=\"1cdaf5f\" data-start=\"1790\" data-end=\"1826\">\ud83c\udfdb <span style=\"color: #808000;\">Rokokov\u00e1 k\u00faria Andr\u00e1\u0161iovcov<\/span><\/h3>\n<ul data-start=\"1827\" data-end=\"1911\">\n<li data-start=\"1827\" data-end=\"1871\">\n<p data-start=\"1829\" data-end=\"1871\">N\u00e1rodn\u00e1 kult\u00farna pamiatka z 18. storo\u010dia<\/p>\n<\/li>\n<li data-start=\"1872\" data-end=\"1911\">\n<p data-start=\"1874\" data-end=\"1911\">M\u00fazeum s archeologick\u00fdmi artefaktmi<\/p>\n<\/li>\n<\/ul>\n<h3 data-section-id=\"1lrqv4c\" data-start=\"1913\" data-end=\"1977\">\u2615 <span style=\"color: #808000;\">Remeseln\u00edcky (\u0161af\u00e1rov) dom \u2013 Kaviare\u0148 Mandevilla K\u00e1v\u00e9h\u00e1z<\/span><\/h3>\n<ul data-start=\"1978\" data-end=\"2040\">\n<li data-start=\"1978\" data-end=\"2014\">\n<p data-start=\"1980\" data-end=\"2014\">Klasicistick\u00fd dom z 19. storo\u010dia<\/p>\n<\/li>\n<li data-start=\"2015\" data-end=\"2040\">\n<p data-start=\"2017\" data-end=\"2040\">Kaviare\u0148<\/p>\n<\/li>\n<\/ul>\n<hr data-start=\"2042\" data-end=\"2045\" \/>\n<h2 data-section-id=\"1o1z82c\" data-start=\"2047\" data-end=\"2090\">\ud83c\udfe1<span style=\"color: #800000;\"> Chalupa IDA \u2013 Ubytovanie s pr\u00edbehom<\/span><\/h2>\n<ul data-start=\"2091\" data-end=\"2246\">\n<li data-start=\"2091\" data-end=\"2121\">\n<p data-start=\"2093\" data-end=\"2121\">Kapacita: max. <strong data-start=\"2108\" data-end=\"2119\">7 host\u00ed<\/strong><\/p>\n<\/li>\n<li data-start=\"2122\" data-end=\"2170\">\n<p data-start=\"2124\" data-end=\"2170\"><strong data-start=\"2124\" data-end=\"2149\">Tradi\u010dn\u00e1 architekt\u00fara<\/strong> + modern\u00e9 pohodlie<\/p>\n<\/li>\n<li data-start=\"2171\" data-end=\"2246\">\n<p data-start=\"2173\" data-end=\"2246\">Ide\u00e1lna poloha pre <strong data-start=\"2192\" data-end=\"2244\">turistiku, cykloturistiku a objavovanie pamiatok<\/strong><\/p>\n<\/li>\n<\/ul>\n<hr data-start=\"2248\" data-end=\"2251\" \/>\n<h2 data-section-id=\"k86ly9\" data-start=\"2253\" data-end=\"2281\">\ud83d\udcde <span style=\"color: #800000;\">Rezerv\u00e1cia a kontakt<\/span><\/h2>\n<p data-start=\"2282\" data-end=\"2619\">\ud83d\udccd <strong data-start=\"2285\" data-end=\"2341\">Chalupa IDA, Slavec \u010d.5, okres Ro\u017e\u0148ava, Ko\u0161ick\u00fd kraj<\/strong><br data-start=\"2341\" data-end=\"2344\" \/>\ud83d\udccc GPS: N48\u00b0 35\u2019 2.46\u2019\u2019, E20\u00b0 28\u2019 0.9\u2019\u2019<br data-start=\"2383\" data-end=\"2386\" \/>\ud83d\udcde Mobil: <strong data-start=\"2396\" data-end=\"2412\">0907 047 280<\/strong><br data-start=\"2412\" data-end=\"2415\" \/>\ud83d\udce7 E-mail: <strong data-start=\"2426\" data-end=\"2448\"><a class=\"cursor-pointer\" rel=\"noopener\" data-start=\"2428\" data-end=\"2446\">idacsefo@zoznam.sk<\/a><\/strong><br data-start=\"2448\" data-end=\"2451\" \/>\ud83c\udf10 Web: <strong data-start=\"2459\" data-end=\"2537\">keturist.sk \u2013 Chalupa IDA<\/strong><br data-start=\"2537\" data-end=\"2540\" \/>\ud83d\udcf2 Facebook: <strong data-start=\"2553\" data-end=\"2617\"><a class=\"\" href=\"https:\/\/www.facebook.com\/ubytovaniechalupaIda\" target=\"_new\" rel=\"noopener nofollow\" data-start=\"2555\" data-end=\"2615\">Chalupa IDA<\/a><\/strong><\/p>\n<p>Pr\u00ed\u010fte a vychutnajte si nezabudnute\u013en\u00e9 chv\u00edle v\u00a0<strong>Chalupe IDA<\/strong>\u00a0\u2013 mieste, kde sa stret\u00e1va hist\u00f3ria, pr\u00edroda a pohodlie! \ud83c\udf3f\ud83c\udfe1\ud83d\ude0a<\/p>\n<hr \/>\n<p><a href=\"https:\/\/keturist.sk\/booking\/wp-content\/uploads\/2025\/03\/chalupa-ida-Slavec-24-1.jpg\"><img loading=\"lazy\" decoding=\"async\" class=\"aligncenter wp-image-1186 size-full\" src=\"https:\/\/keturist.sk\/booking\/wp-content\/uploads\/2025\/03\/chalupa-ida-Slavec-24-1.jpg\" alt=\"Chalupa IDA \" width=\"1024\" height=\"724\" srcset=\"https:\/\/keturist.sk\/booking\/wp-content\/uploads\/2025\/03\/chalupa-ida-Slavec-24-1.jpg 1024w, https:\/\/keturist.sk\/booking\/wp-content\/uploads\/2025\/03\/chalupa-ida-Slavec-24-1-300x212.jpg 300w, https:\/\/keturist.sk\/booking\/wp-content\/uploads\/2025\/03\/chalupa-ida-Slavec-24-1-768x543.jpg 768w, https:\/\/keturist.sk\/booking\/wp-content\/uploads\/2025\/03\/chalupa-ida-Slavec-24-1-600x424.jpg 600w\" sizes=\"auto, (max-width: 1024px) 100vw, 1024px\" \/><\/a><\/p>\n","protected":false},"excerpt":{"rendered":"<p>Objavte ubytovanie Chalupa IDA \u2013 tradi\u010dn\u00fd gemersk\u00fd dom v malebnej obci Slavec, v srdci Slovensk\u00e9ho krasu. Ubytovanie sp\u00e1ja autentick\u00fa hist\u00f3riu, pohodlie a bl\u00edzkos\u0165 pr\u00edrody \ud83c\udf3f. \ud83d\udccd Slavec \u2013 br\u00e1na do [&hellip;]<\/p>\n","protected":false},"author":1,"featured_media":717,"comment_status":"open","ping_status":"open","sticky":false,"template":"","format":"standard","meta":{"_uag_custom_page_level_css":"","footnotes":"","_links_to":"","_links_to_target":""},"categories":[22,36,32],"tags":[],"class_list":["post-1168","post","type-post","status-publish","format-standard","has-post-thumbnail","hentry","category-vsetky-aktuality-informator","category-np-slovensky-kras","category-ubytovanie"],"magazineBlocksPostFeaturedMedia":{"thumbnail":"https:\/\/keturist.sk\/booking\/wp-content\/uploads\/2024\/01\/ida-400x400-1-150x150.webp","medium":"https:\/\/keturist.sk\/booking\/wp-content\/uploads\/2024\/01\/ida-400x400-1-300x300.webp","medium_large":"https:\/\/keturist.sk\/booking\/wp-content\/uploads\/2024\/01\/ida-400x400-1.webp","large":"https:\/\/keturist.sk\/booking\/wp-content\/uploads\/2024\/01\/ida-400x400-1.webp","1536x1536":"https:\/\/keturist.sk\/booking\/wp-content\/uploads\/2024\/01\/ida-400x400-1.webp","2048x2048":"https:\/\/keturist.sk\/booking\/wp-content\/uploads\/2024\/01\/ida-400x400-1.webp","mailpoet_newsletter_max":"https:\/\/keturist.sk\/booking\/wp-content\/uploads\/2024\/01\/ida-400x400-1.webp","woocommerce_thumbnail":"https:\/\/keturist.sk\/booking\/wp-content\/uploads\/2024\/01\/ida-400x400-1-300x300.webp","woocommerce_single":"https:\/\/keturist.sk\/booking\/wp-content\/uploads\/2024\/01\/ida-400x400-1.webp","woocommerce_gallery_thumbnail":"https:\/\/keturist.sk\/booking\/wp-content\/uploads\/2024\/01\/ida-400x400-1-100x100.webp"},"magazineBlocksPostAuthor":{"name":"admin","avatar":"https:\/\/secure.gravatar.com\/avatar\/13ffa85f79d8edafa10a440d6c59ca022877b25df392bf60e21e7c95b7fcb88a?s=96&d=mm&r=g"},"magazineBlocksPostCommentsNumber":"0","magazineBlocksPostExcerpt":"Objavte ubytovanie Chalupa IDA \u2013 tradi\u010dn\u00fd gemersk\u00fd dom v malebnej obci Slavec, v srdci Slovensk\u00e9ho krasu. Ubytovanie sp\u00e1ja autentick\u00fa hist\u00f3riu, pohodlie a bl\u00edzkos\u0165 pr\u00edrody \ud83c\udf3f. \ud83d\udccd Slavec \u2013 br\u00e1na do [&hellip;]","magazineBlocksPostCategories":["01 V\u0161etky aktuality","Slovensk\u00fd kras","Ubytovanie"],"magazineBlocksPostViewCount":355,"magazineBlocksPostReadTime":2,"magazine_blocks_featured_image_url":{"full":["https:\/\/keturist.sk\/booking\/wp-content\/uploads\/2024\/01\/ida-400x400-1.webp",400,400,false],"medium":["https:\/\/keturist.sk\/booking\/wp-content\/uploads\/2024\/01\/ida-400x400-1-300x300.webp",300,300,true],"thumbnail":["https:\/\/keturist.sk\/booking\/wp-content\/uploads\/2024\/01\/ida-400x400-1-150x150.webp",150,150,true]},"magazine_blocks_author":{"display_name":"admin","author_link":"https:\/\/keturist.sk\/booking\/author\/admin\/"},"magazine_blocks_comment":0,"magazine_blocks_author_image":"https:\/\/secure.gravatar.com\/avatar\/13ffa85f79d8edafa10a440d6c59ca022877b25df392bf60e21e7c95b7fcb88a?s=96&d=mm&r=g","magazine_blocks_category":"<a href=\"#\" class=\"category-link category-link-22\">01 V\u0161etky aktuality<\/a> <a href=\"#\" class=\"category-link category-link-36\">Slovensk\u00fd kras<\/a> <a href=\"#\" class=\"category-link category-link-32\">Ubytovanie<\/a>","featured_image_src":"https:\/\/keturist.sk\/booking\/wp-content\/uploads\/2024\/01\/ida-400x400-1.webp","featured_image_src_square":"https:\/\/keturist.sk\/booking\/wp-content\/uploads\/2024\/01\/ida-400x400-1.webp","author_info":{"display_name":"admin","author_link":"https:\/\/keturist.sk\/booking\/author\/admin\/"},"rbea_author_info":{"display_name":"admin","author_link":"https:\/\/keturist.sk\/booking\/author\/admin\/"},"rbea_excerpt_info":"Objavte ubytovanie Chalupa IDA \u2013 tradi\u010dn\u00fd gemersk\u00fd dom v malebnej obci Slavec, v srdci Slovensk\u00e9ho krasu. Ubytovanie sp\u00e1ja autentick\u00fa hist\u00f3riu, pohodlie a bl\u00edzkos\u0165 pr\u00edrody \ud83c\udf3f. \ud83d\udccd Slavec \u2013 br\u00e1na do [&hellip;]","category_list":"<a href=\"https:\/\/keturist.sk\/booking\/category\/vsetky-aktuality-informator\/\" rel=\"category tag\">01 V\u0161etky aktuality<\/a>, <a href=\"https:\/\/keturist.sk\/booking\/category\/regiony\/np-slovensky-kras\/\" rel=\"category tag\">Slovensk\u00fd kras<\/a>, <a href=\"https:\/\/keturist.sk\/booking\/category\/ubytovanie\/\" rel=\"category tag\">Ubytovanie<\/a>","comments_num":"0 comments","uagb_featured_image_src":{"full":["https:\/\/keturist.sk\/booking\/wp-content\/uploads\/2024\/01\/ida-400x400-1.webp",400,400,false],"thumbnail":["https:\/\/keturist.sk\/booking\/wp-content\/uploads\/2024\/01\/ida-400x400-1-150x150.webp",150,150,true],"medium":["https:\/\/keturist.sk\/booking\/wp-content\/uploads\/2024\/01\/ida-400x400-1-300x300.webp",300,300,true],"medium_large":["https:\/\/keturist.sk\/booking\/wp-content\/uploads\/2024\/01\/ida-400x400-1.webp",400,400,false],"large":["https:\/\/keturist.sk\/booking\/wp-content\/uploads\/2024\/01\/ida-400x400-1.webp",400,400,false],"1536x1536":["https:\/\/keturist.sk\/booking\/wp-content\/uploads\/2024\/01\/ida-400x400-1.webp",400,400,false],"2048x2048":["https:\/\/keturist.sk\/booking\/wp-content\/uploads\/2024\/01\/ida-400x400-1.webp",400,400,false],"mailpoet_newsletter_max":["https:\/\/keturist.sk\/booking\/wp-content\/uploads\/2024\/01\/ida-400x400-1.webp",400,400,false],"woocommerce_thumbnail":["https:\/\/keturist.sk\/booking\/wp-content\/uploads\/2024\/01\/ida-400x400-1-300x300.webp",300,300,true],"woocommerce_single":["https:\/\/keturist.sk\/booking\/wp-content\/uploads\/2024\/01\/ida-400x400-1.webp",400,400,false],"woocommerce_gallery_thumbnail":["https:\/\/keturist.sk\/booking\/wp-content\/uploads\/2024\/01\/ida-400x400-1-100x100.webp",100,100,true]},"uagb_author_info":{"display_name":"admin","author_link":"https:\/\/keturist.sk\/booking\/author\/admin\/"},"uagb_comment_info":0,"uagb_excerpt":"Objavte ubytovanie Chalupa IDA \u2013 tradi\u010dn\u00fd gemersk\u00fd dom v malebnej obci Slavec, v srdci Slovensk\u00e9ho krasu. Ubytovanie sp\u00e1ja autentick\u00fa hist\u00f3riu, pohodlie a bl\u00edzkos\u0165 pr\u00edrody \ud83c\udf3f. \ud83d\udccd Slavec \u2013 br\u00e1na do [&hellip;]","_links":{"self":[{"href":"https:\/\/keturist.sk\/booking\/wp-json\/wp\/v2\/posts\/1168","targetHints":{"allow":["GET"]}}],"collection":[{"href":"https:\/\/keturist.sk\/booking\/wp-json\/wp\/v2\/posts"}],"about":[{"href":"https:\/\/keturist.sk\/booking\/wp-json\/wp\/v2\/types\/post"}],"author":[{"embeddable":true,"href":"https:\/\/keturist.sk\/booking\/wp-json\/wp\/v2\/users\/1"}],"replies":[{"embeddable":true,"href":"https:\/\/keturist.sk\/booking\/wp-json\/wp\/v2\/comments?post=1168"}],"version-history":[{"count":9,"href":"https:\/\/keturist.sk\/booking\/wp-json\/wp\/v2\/posts\/1168\/revisions"}],"predecessor-version":[{"id":1239,"href":"https:\/\/keturist.sk\/booking\/wp-json\/wp\/v2\/posts\/1168\/revisions\/1239"}],"wp:featuredmedia":[{"embeddable":true,"href":"https:\/\/keturist.sk\/booking\/wp-json\/wp\/v2\/media\/717"}],"wp:attachment":[{"href":"https:\/\/keturist.sk\/booking\/wp-json\/wp\/v2\/media?parent=1168"}],"wp:term":[{"taxonomy":"category","embeddable":true,"href":"https:\/\/keturist.sk\/booking\/wp-json\/wp\/v2\/categories?post=1168"},{"taxonomy":"post_tag","embeddable":true,"href":"https:\/\/keturist.sk\/booking\/wp-json\/wp\/v2\/tags?post=1168"}],"curies":[{"name":"wp","href":"https:\/\/api.w.org\/{rel}","templated":true}]}}