{"id":1033,"date":"2024-11-19T04:05:02","date_gmt":"2024-11-19T03:05:02","guid":{"rendered":"https:\/\/keturist.sk\/booking\/?p=1033"},"modified":"2024-11-19T05:42:34","modified_gmt":"2024-11-19T04:42:34","slug":"turisticka-ubytovna-zadiel-je-otvorena-%f0%9f%99%82","status":"publish","type":"post","link":"https:\/\/keturist.sk\/booking\/2024\/11\/19\/turisticka-ubytovna-zadiel-je-otvorena-%f0%9f%99%82\/","title":{"rendered":"Turistick\u00e1 ubytov\u0148a: \ud83c\udf04 Objavte pokoj a kr\u00e1su v Z\u00e1dieli! \ud83d\ude42"},"content":{"rendered":"<p>\ud83c\udf42 <strong>Pr\u00ed\u010fte si u\u017ei\u0165 jesenn\u00e9 po\u010dasie<\/strong> do na\u0161ej n\u00e1dhernej malej dedinky. \ud83c\udfde\ufe0f S mo\u017enos\u0165ou ubytova\u0165 sa pod ties\u0148avou, v k\u013eude, tichu a \u010distote. \ud83c\udf1f<\/p>\n<p>\ud83c\udfe1 <strong>Novootvoren\u00e1 Turistick\u00e1 ubytov\u0148a Z\u00e1diel 25<\/strong> poskytuje:<br \/>\n\ud83d\udecf\ufe0f 8 izieb pre 18 \u013eud\u00ed.<\/p>\n<p>\ud83c\udf73 S kuchy\u0148ou, kde je mo\u017enos\u0165 si navari\u0165 \u2013 je plne a moderne vybaven\u00e1.<br \/>\n\ud83d\udebf K\u00fape\u013ene a toalety s\u00fa dostupn\u00e9 na chodbe, rozdelen\u00e9 pre maxim\u00e1lne pohodlie.<\/p>\n<p>\ud83d\udcde <strong>Ke\u010f n\u00e1m zavol\u00e1te alebo nap\u00ed\u0161ete<\/strong>, radi odpovieme na va\u0161e ot\u00e1zky. A rovno si m\u00f4\u017eete zarezervova\u0165 aj izby! \ud83d\ude0a<\/p>\n<p>\ud83d\udcb0 Cena l\u00f4\u017eka: <strong>25 \u20ac<\/strong><\/p>\n<p>\ud83d\udcf2 Telef\u00f3nne \u010d\u00edslo: <strong>+421 949 643 070<\/strong><br \/>\n\ud83d\udce7 Email: <strong><a rel=\"noopener\">zadielubytovna@gmail.com<\/a><\/strong><\/p>\n<p>Te\u0161\u00edme sa na v\u00e1s! \ud83d\ude0a<\/p>\n<p>\ud83d\udecf\ufe0f\ud83d\udecf\ufe0f\ud83d\udecf\ufe0f\ud83d\udecf\ufe0f\ud83d\udecf\ufe0f\ud83d\udecf\ufe0f\ud83d\udecf\ufe0f\ud83d\udecf\ufe0f\ud83d\udecf\ufe0f\ud83d\udecf\ufe0f\ud83d\udecf\ufe0f\ud83d\udecf\ufe0f\ud83d\udecf\ufe0f\ud83d\udecf\ufe0f\ud83d\udecf\ufe0f\ud83d\udecf\ufe0f\ud83d\udecf\ufe0f\ud83d\udecf\ufe0f\ud83d\udecf\ufe0f\ud83d\udecf\ufe0f\ud83d\udecf\ufe0f\ud83d\udecf\ufe0f\ud83d\udecf\ufe0f<\/p>\n<p>\ud83c\udfe8 Pon\u00fakame pre na\u0161ich host\u00ed:<\/p>\n<p>\ud83d\udecf\ufe0f jednu \u0161tvorl\u00f4\u017ekov\u00fa a \u0161es\u0165 dvojl\u00f4\u017ekov\u00fdch izieb, modern\u00fa kuchy\u0148u s jed\u00e1l\u0148ou, sprchy + toalety.<\/p>\n<p>\ud83d\udcf6 Bezplatn\u00e9 wifi pripojenie.<\/p>\n<p>\ud83d\udc65 Na\u0161a spolo\u010densk\u00e1 miestnos\u0165 pre <strong>50 os\u00f4b<\/strong> umo\u017e\u0148uje organizova\u0165 konferencie, firemn\u00e9 podujatia, narodeninov\u00e9 oslavy, svadby a v\u0161etky druhy stretnutia.<\/p>\n<p>\ud83c\udf04 Z\u00e1dielska dolina je kr\u00e1sna v ka\u017edom ro\u010dnom obdob\u00ed, pri\u010fte sa presved\u010di\u0165 sami.<\/p>\n<p>\ud83e\udd17 Radi V\u00e1s priv\u00edtame!! \ud83d\udc96\ud83d\ude42<\/p>\n<p>\ud83d\udcde <strong>Tel. kontakt:<\/strong> +421 949 643 070<\/p>\n<p>\u2709\ufe0f <strong>Email:<\/strong> <a rel=\"noopener\">zadielubytovna@gmail.com<\/a><\/p>\n<p>&nbsp;<\/p>\n<p>\ud83d\udecf\ufe0f\ud83d\udecf\ufe0f\ud83d\udecf\ufe0f\ud83d\udecf\ufe0f<\/p>\n<p><a href=\"https:\/\/keturist.sk\/booking\/wp-content\/uploads\/2024\/10\/turisticka-ubtovna-zadiel-2.jpg\"><img loading=\"lazy\" decoding=\"async\" class=\"aligncenter wp-image-1034 size-full\" src=\"https:\/\/keturist.sk\/booking\/wp-content\/uploads\/2024\/10\/turisticka-ubtovna-zadiel-2.jpg\" alt=\"\" width=\"1000\" height=\"450\" srcset=\"https:\/\/keturist.sk\/booking\/wp-content\/uploads\/2024\/10\/turisticka-ubtovna-zadiel-2.jpg 1000w, https:\/\/keturist.sk\/booking\/wp-content\/uploads\/2024\/10\/turisticka-ubtovna-zadiel-2-300x135.jpg 300w, https:\/\/keturist.sk\/booking\/wp-content\/uploads\/2024\/10\/turisticka-ubtovna-zadiel-2-768x346.jpg 768w, https:\/\/keturist.sk\/booking\/wp-content\/uploads\/2024\/10\/turisticka-ubtovna-zadiel-2-600x270.jpg 600w\" sizes=\"auto, (max-width: 1000px) 100vw, 1000px\" \/><\/a><\/p>\n<p><a href=\"https:\/\/keturist.sk\/booking\/wp-content\/uploads\/2024\/10\/turisticka-ubtovna-zadiel-3.jpg\"><img loading=\"lazy\" decoding=\"async\" class=\"aligncenter wp-image-1035 size-full\" src=\"https:\/\/keturist.sk\/booking\/wp-content\/uploads\/2024\/10\/turisticka-ubtovna-zadiel-3.jpg\" alt=\"\" width=\"1000\" height=\"450\" srcset=\"https:\/\/keturist.sk\/booking\/wp-content\/uploads\/2024\/10\/turisticka-ubtovna-zadiel-3.jpg 1000w, https:\/\/keturist.sk\/booking\/wp-content\/uploads\/2024\/10\/turisticka-ubtovna-zadiel-3-300x135.jpg 300w, https:\/\/keturist.sk\/booking\/wp-content\/uploads\/2024\/10\/turisticka-ubtovna-zadiel-3-768x346.jpg 768w, https:\/\/keturist.sk\/booking\/wp-content\/uploads\/2024\/10\/turisticka-ubtovna-zadiel-3-600x270.jpg 600w\" sizes=\"auto, (max-width: 1000px) 100vw, 1000px\" \/><\/a><\/p>\n<p><a href=\"https:\/\/keturist.sk\/booking\/wp-content\/uploads\/2024\/10\/turisticka-ubtovna-zadiel-4.jpg\"><img loading=\"lazy\" decoding=\"async\" class=\"aligncenter wp-image-1036 size-full\" src=\"https:\/\/keturist.sk\/booking\/wp-content\/uploads\/2024\/10\/turisticka-ubtovna-zadiel-4.jpg\" alt=\"\" width=\"1000\" height=\"450\" srcset=\"https:\/\/keturist.sk\/booking\/wp-content\/uploads\/2024\/10\/turisticka-ubtovna-zadiel-4.jpg 1000w, https:\/\/keturist.sk\/booking\/wp-content\/uploads\/2024\/10\/turisticka-ubtovna-zadiel-4-300x135.jpg 300w, https:\/\/keturist.sk\/booking\/wp-content\/uploads\/2024\/10\/turisticka-ubtovna-zadiel-4-768x346.jpg 768w, https:\/\/keturist.sk\/booking\/wp-content\/uploads\/2024\/10\/turisticka-ubtovna-zadiel-4-600x270.jpg 600w\" sizes=\"auto, (max-width: 1000px) 100vw, 1000px\" \/><\/a><\/p>\n<p><a href=\"https:\/\/keturist.sk\/booking\/wp-content\/uploads\/2024\/10\/turisticka-ubtovna-zadiel-5.jpg\"><img loading=\"lazy\" decoding=\"async\" class=\"aligncenter wp-image-1037 size-full\" src=\"https:\/\/keturist.sk\/booking\/wp-content\/uploads\/2024\/10\/turisticka-ubtovna-zadiel-5.jpg\" alt=\"\" width=\"1000\" height=\"450\" srcset=\"https:\/\/keturist.sk\/booking\/wp-content\/uploads\/2024\/10\/turisticka-ubtovna-zadiel-5.jpg 1000w, https:\/\/keturist.sk\/booking\/wp-content\/uploads\/2024\/10\/turisticka-ubtovna-zadiel-5-300x135.jpg 300w, https:\/\/keturist.sk\/booking\/wp-content\/uploads\/2024\/10\/turisticka-ubtovna-zadiel-5-768x346.jpg 768w, https:\/\/keturist.sk\/booking\/wp-content\/uploads\/2024\/10\/turisticka-ubtovna-zadiel-5-600x270.jpg 600w\" sizes=\"auto, (max-width: 1000px) 100vw, 1000px\" \/><\/a><\/p>\n<p><a href=\"https:\/\/keturist.sk\/booking\/wp-content\/uploads\/2024\/10\/turisticka-ubtovna-zadiel-6.jpg\"><img loading=\"lazy\" decoding=\"async\" class=\"aligncenter wp-image-1038 size-full\" src=\"https:\/\/keturist.sk\/booking\/wp-content\/uploads\/2024\/10\/turisticka-ubtovna-zadiel-6.jpg\" alt=\"\" width=\"1000\" height=\"450\" srcset=\"https:\/\/keturist.sk\/booking\/wp-content\/uploads\/2024\/10\/turisticka-ubtovna-zadiel-6.jpg 1000w, https:\/\/keturist.sk\/booking\/wp-content\/uploads\/2024\/10\/turisticka-ubtovna-zadiel-6-300x135.jpg 300w, https:\/\/keturist.sk\/booking\/wp-content\/uploads\/2024\/10\/turisticka-ubtovna-zadiel-6-768x346.jpg 768w, https:\/\/keturist.sk\/booking\/wp-content\/uploads\/2024\/10\/turisticka-ubtovna-zadiel-6-600x270.jpg 600w\" sizes=\"auto, (max-width: 1000px) 100vw, 1000px\" \/><\/a><\/p>\n<p><a href=\"https:\/\/keturist.sk\/booking\/wp-content\/uploads\/2024\/10\/turisticka-ubtovna-zadiel.jpg\"><img loading=\"lazy\" decoding=\"async\" class=\"aligncenter wp-image-1039 size-large\" src=\"https:\/\/keturist.sk\/booking\/wp-content\/uploads\/2024\/10\/turisticka-ubtovna-zadiel-1024x492.jpg\" alt=\"\" width=\"1024\" height=\"492\" srcset=\"https:\/\/keturist.sk\/booking\/wp-content\/uploads\/2024\/10\/turisticka-ubtovna-zadiel-1024x492.jpg 1024w, https:\/\/keturist.sk\/booking\/wp-content\/uploads\/2024\/10\/turisticka-ubtovna-zadiel-300x144.jpg 300w, https:\/\/keturist.sk\/booking\/wp-content\/uploads\/2024\/10\/turisticka-ubtovna-zadiel-768x369.jpg 768w, https:\/\/keturist.sk\/booking\/wp-content\/uploads\/2024\/10\/turisticka-ubtovna-zadiel-1320x634.jpg 1320w, https:\/\/keturist.sk\/booking\/wp-content\/uploads\/2024\/10\/turisticka-ubtovna-zadiel-600x288.jpg 600w, https:\/\/keturist.sk\/booking\/wp-content\/uploads\/2024\/10\/turisticka-ubtovna-zadiel.jpg 1476w\" sizes=\"auto, (max-width: 1024px) 100vw, 1024px\" \/><\/a><\/p>\n","protected":false},"excerpt":{"rendered":"<p>\ud83c\udf42 Pr\u00ed\u010fte si u\u017ei\u0165 jesenn\u00e9 po\u010dasie do na\u0161ej n\u00e1dhernej malej dedinky. \ud83c\udfde\ufe0f S mo\u017enos\u0165ou ubytova\u0165 sa pod ties\u0148avou, v k\u013eude, tichu a \u010distote. \ud83c\udf1f \ud83c\udfe1 Novootvoren\u00e1 Turistick\u00e1 ubytov\u0148a Z\u00e1diel 25 [&hellip;]<\/p>\n","protected":false},"author":1,"featured_media":1039,"comment_status":"open","ping_status":"open","sticky":false,"template":"","format":"standard","meta":{"_uag_custom_page_level_css":"","footnotes":"","_links_to":"","_links_to_target":""},"categories":[22,36,32],"tags":[],"class_list":["post-1033","post","type-post","status-publish","format-standard","has-post-thumbnail","hentry","category-vsetky-aktuality-informator","category-np-slovensky-kras","category-ubytovanie"],"magazineBlocksPostFeaturedMedia":{"thumbnail":"https:\/\/keturist.sk\/booking\/wp-content\/uploads\/2024\/10\/turisticka-ubtovna-zadiel-150x150.jpg","medium":"https:\/\/keturist.sk\/booking\/wp-content\/uploads\/2024\/10\/turisticka-ubtovna-zadiel-300x144.jpg","medium_large":"https:\/\/keturist.sk\/booking\/wp-content\/uploads\/2024\/10\/turisticka-ubtovna-zadiel-768x369.jpg","large":"https:\/\/keturist.sk\/booking\/wp-content\/uploads\/2024\/10\/turisticka-ubtovna-zadiel-1024x492.jpg","1536x1536":"https:\/\/keturist.sk\/booking\/wp-content\/uploads\/2024\/10\/turisticka-ubtovna-zadiel.jpg","2048x2048":"https:\/\/keturist.sk\/booking\/wp-content\/uploads\/2024\/10\/turisticka-ubtovna-zadiel.jpg","mailpoet_newsletter_max":"https:\/\/keturist.sk\/booking\/wp-content\/uploads\/2024\/10\/turisticka-ubtovna-zadiel-1320x634.jpg","woocommerce_thumbnail":"https:\/\/keturist.sk\/booking\/wp-content\/uploads\/2024\/10\/turisticka-ubtovna-zadiel-300x300.jpg","woocommerce_single":"https:\/\/keturist.sk\/booking\/wp-content\/uploads\/2024\/10\/turisticka-ubtovna-zadiel-600x288.jpg","woocommerce_gallery_thumbnail":"https:\/\/keturist.sk\/booking\/wp-content\/uploads\/2024\/10\/turisticka-ubtovna-zadiel-100x100.jpg"},"magazineBlocksPostAuthor":{"name":"admin","avatar":"https:\/\/secure.gravatar.com\/avatar\/13ffa85f79d8edafa10a440d6c59ca022877b25df392bf60e21e7c95b7fcb88a?s=96&d=mm&r=g"},"magazineBlocksPostCommentsNumber":"0","magazineBlocksPostExcerpt":"\ud83c\udf42 Pr\u00ed\u010fte si u\u017ei\u0165 jesenn\u00e9 po\u010dasie do na\u0161ej n\u00e1dhernej malej dedinky. \ud83c\udfde\ufe0f S mo\u017enos\u0165ou ubytova\u0165 sa pod ties\u0148avou, v k\u013eude, tichu a \u010distote. \ud83c\udf1f \ud83c\udfe1 Novootvoren\u00e1 Turistick\u00e1 ubytov\u0148a Z\u00e1diel 25 [&hellip;]","magazineBlocksPostCategories":["01 V\u0161etky aktuality","Slovensk\u00fd kras","Ubytovanie"],"magazineBlocksPostViewCount":553,"magazineBlocksPostReadTime":1,"magazine_blocks_featured_image_url":{"full":["https:\/\/keturist.sk\/booking\/wp-content\/uploads\/2024\/10\/turisticka-ubtovna-zadiel.jpg",1476,709,false],"medium":["https:\/\/keturist.sk\/booking\/wp-content\/uploads\/2024\/10\/turisticka-ubtovna-zadiel-300x144.jpg",300,144,true],"thumbnail":["https:\/\/keturist.sk\/booking\/wp-content\/uploads\/2024\/10\/turisticka-ubtovna-zadiel-150x150.jpg",150,150,true]},"magazine_blocks_author":{"display_name":"admin","author_link":"https:\/\/keturist.sk\/booking\/author\/admin\/"},"magazine_blocks_comment":0,"magazine_blocks_author_image":"https:\/\/secure.gravatar.com\/avatar\/13ffa85f79d8edafa10a440d6c59ca022877b25df392bf60e21e7c95b7fcb88a?s=96&d=mm&r=g","magazine_blocks_category":"<a href=\"#\" class=\"category-link category-link-22\">01 V\u0161etky aktuality<\/a> <a href=\"#\" class=\"category-link category-link-36\">Slovensk\u00fd kras<\/a> <a href=\"#\" class=\"category-link category-link-32\">Ubytovanie<\/a>","featured_image_src":"https:\/\/keturist.sk\/booking\/wp-content\/uploads\/2024\/10\/turisticka-ubtovna-zadiel.jpg","featured_image_src_square":"https:\/\/keturist.sk\/booking\/wp-content\/uploads\/2024\/10\/turisticka-ubtovna-zadiel.jpg","author_info":{"display_name":"admin","author_link":"https:\/\/keturist.sk\/booking\/author\/admin\/"},"rbea_author_info":{"display_name":"admin","author_link":"https:\/\/keturist.sk\/booking\/author\/admin\/"},"rbea_excerpt_info":"\ud83c\udf42 Pr\u00ed\u010fte si u\u017ei\u0165 jesenn\u00e9 po\u010dasie do na\u0161ej n\u00e1dhernej malej dedinky. \ud83c\udfde\ufe0f S mo\u017enos\u0165ou ubytova\u0165 sa pod ties\u0148avou, v k\u013eude, tichu a \u010distote. \ud83c\udf1f \ud83c\udfe1 Novootvoren\u00e1 Turistick\u00e1 ubytov\u0148a Z\u00e1diel 25 [&hellip;]","category_list":"<a href=\"https:\/\/keturist.sk\/booking\/category\/vsetky-aktuality-informator\/\" rel=\"category tag\">01 V\u0161etky aktuality<\/a>, <a href=\"https:\/\/keturist.sk\/booking\/category\/regiony\/np-slovensky-kras\/\" rel=\"category tag\">Slovensk\u00fd kras<\/a>, <a href=\"https:\/\/keturist.sk\/booking\/category\/ubytovanie\/\" rel=\"category tag\">Ubytovanie<\/a>","comments_num":"0 comments","uagb_featured_image_src":{"full":["https:\/\/keturist.sk\/booking\/wp-content\/uploads\/2024\/10\/turisticka-ubtovna-zadiel.jpg",1476,709,false],"thumbnail":["https:\/\/keturist.sk\/booking\/wp-content\/uploads\/2024\/10\/turisticka-ubtovna-zadiel-150x150.jpg",150,150,true],"medium":["https:\/\/keturist.sk\/booking\/wp-content\/uploads\/2024\/10\/turisticka-ubtovna-zadiel-300x144.jpg",300,144,true],"medium_large":["https:\/\/keturist.sk\/booking\/wp-content\/uploads\/2024\/10\/turisticka-ubtovna-zadiel-768x369.jpg",768,369,true],"large":["https:\/\/keturist.sk\/booking\/wp-content\/uploads\/2024\/10\/turisticka-ubtovna-zadiel-1024x492.jpg",1024,492,true],"1536x1536":["https:\/\/keturist.sk\/booking\/wp-content\/uploads\/2024\/10\/turisticka-ubtovna-zadiel.jpg",1476,709,false],"2048x2048":["https:\/\/keturist.sk\/booking\/wp-content\/uploads\/2024\/10\/turisticka-ubtovna-zadiel.jpg",1476,709,false],"mailpoet_newsletter_max":["https:\/\/keturist.sk\/booking\/wp-content\/uploads\/2024\/10\/turisticka-ubtovna-zadiel-1320x634.jpg",1320,634,true],"woocommerce_thumbnail":["https:\/\/keturist.sk\/booking\/wp-content\/uploads\/2024\/10\/turisticka-ubtovna-zadiel-300x300.jpg",300,300,true],"woocommerce_single":["https:\/\/keturist.sk\/booking\/wp-content\/uploads\/2024\/10\/turisticka-ubtovna-zadiel-600x288.jpg",600,288,true],"woocommerce_gallery_thumbnail":["https:\/\/keturist.sk\/booking\/wp-content\/uploads\/2024\/10\/turisticka-ubtovna-zadiel-100x100.jpg",100,100,true]},"uagb_author_info":{"display_name":"admin","author_link":"https:\/\/keturist.sk\/booking\/author\/admin\/"},"uagb_comment_info":0,"uagb_excerpt":"\ud83c\udf42 Pr\u00ed\u010fte si u\u017ei\u0165 jesenn\u00e9 po\u010dasie do na\u0161ej n\u00e1dhernej malej dedinky. \ud83c\udfde\ufe0f S mo\u017enos\u0165ou ubytova\u0165 sa pod ties\u0148avou, v k\u013eude, tichu a \u010distote. \ud83c\udf1f \ud83c\udfe1 Novootvoren\u00e1 Turistick\u00e1 ubytov\u0148a Z\u00e1diel 25 [&hellip;]","_links":{"self":[{"href":"https:\/\/keturist.sk\/booking\/wp-json\/wp\/v2\/posts\/1033","targetHints":{"allow":["GET"]}}],"collection":[{"href":"https:\/\/keturist.sk\/booking\/wp-json\/wp\/v2\/posts"}],"about":[{"href":"https:\/\/keturist.sk\/booking\/wp-json\/wp\/v2\/types\/post"}],"author":[{"embeddable":true,"href":"https:\/\/keturist.sk\/booking\/wp-json\/wp\/v2\/users\/1"}],"replies":[{"embeddable":true,"href":"https:\/\/keturist.sk\/booking\/wp-json\/wp\/v2\/comments?post=1033"}],"version-history":[{"count":3,"href":"https:\/\/keturist.sk\/booking\/wp-json\/wp\/v2\/posts\/1033\/revisions"}],"predecessor-version":[{"id":1121,"href":"https:\/\/keturist.sk\/booking\/wp-json\/wp\/v2\/posts\/1033\/revisions\/1121"}],"wp:featuredmedia":[{"embeddable":true,"href":"https:\/\/keturist.sk\/booking\/wp-json\/wp\/v2\/media\/1039"}],"wp:attachment":[{"href":"https:\/\/keturist.sk\/booking\/wp-json\/wp\/v2\/media?parent=1033"}],"wp:term":[{"taxonomy":"category","embeddable":true,"href":"https:\/\/keturist.sk\/booking\/wp-json\/wp\/v2\/categories?post=1033"},{"taxonomy":"post_tag","embeddable":true,"href":"https:\/\/keturist.sk\/booking\/wp-json\/wp\/v2\/tags?post=1033"}],"curies":[{"name":"wp","href":"https:\/\/api.w.org\/{rel}","templated":true}]}}